{"id":9971,"date":"2017-10-03T23:37:59","date_gmt":"2017-10-03T21:37:59","guid":{"rendered":"http:\/\/www.marocnow.ma\/?p=9971"},"modified":"2017-12-12T23:41:47","modified_gmt":"2017-12-12T22:41:47","slug":"le-maroc-un-hub-vers-lafrique-pour-les-entreprises-espagnoles-retour-le-maroc-un-hub-vers-lafrique-pour-les-entreprises-espagnoles","status":"publish","type":"post","link":"https:\/\/www.marocnow.ma\/index.php\/2017\/10\/03\/le-maroc-un-hub-vers-lafrique-pour-les-entreprises-espagnoles-retour-le-maroc-un-hub-vers-lafrique-pour-les-entreprises-espagnoles\/","title":{"rendered":"Le Maroc, un hub vers l&#8217;Afrique pour les entreprises espagnoles Retour Le Maroc, un hub vers l&#8217;Afrique pour les entreprises espagnoles"},"content":{"rendered":"<p>Le Maroc repr\u00e9sente un hub vers l&#8217;Afrique pour les entreprises espagnoles, a affirm\u00e9, mardi \u00e0 Rabat, la Secr\u00e9taire d\u2019Etat espagnole au Commerce, Mar\u00eda Luisa Poncela Garc\u00eda, pour qui l\u2019Espagne et le Maroc ne sont pas uniquement deux march\u00e9s, mais deux partenaires strat\u00e9giques. L\u2019excellence des relations entre l&#8217;Espagne et le Maroc, notamment sur le plan \u00e9conomique, permet de d\u00e9velopper des projets conjoints, a soulign\u00e9 la responsable espagnole lors d\u2019une rencontre avec le ministre de l&#8217;\u00c9conomie et des Finances, Mohamed Boussaid, ajoutant que les politiques \u00e9conomiques mises en \u0153uvre par les deux pays ont eu un impact favorable sur la situation \u00e9conomique. \u00ab Cette rencontre a \u00e9t\u00e9 l\u2019occasion d\u2019examiner la situation des investissements espagnols au Maroc et des \u00e9changes commerciaux qui ont connu une \u00e9volution favorable \u00bb, a-t-elle indiqu\u00e9, exprimant la volont\u00e9 de son pays de renforcer la coop\u00e9ration bilat\u00e9rale tous azimuts. De son c\u00f4t\u00e9, M. Boussaid s\u2019est f\u00e9licit\u00e9 de la solidit\u00e9 des relations maroco-espagnoles \u00ab historiques et s\u00e9culaires \u00bb, relevant que les liens entre les deux pays connaissent un renforcement sans pr\u00e9c\u00e9dent, notamment sur les plans \u00e9conomique, financier et commercial. Rappelant que l\u2019Espagne est le premier partenaire commercial du Royaume, il a not\u00e9 que son entretien avec la Secr\u00e9taire d\u2019Etat espagnole a port\u00e9 sur le potentiel et les opportunit\u00e9s qu\u2019offre le Maroc pour renforcer la pr\u00e9sence des investisseurs espagnols, mettant l\u2019accent sur l\u2019importance d\u2019une meilleure entente afin d\u2019aplanir les obstacles entravant la coop\u00e9ration commerciale tant au Maroc qu\u2019en Espagne. Dans ce sens, M. Boussaid a appel\u00e9 les entreprises espagnoles \u00e0 consid\u00e9rer le Maroc comme une porte d\u2019entr\u00e9e vers l\u2019Afrique et non seulement comme un march\u00e9, eu \u00e9gard \u00e0 la stabilit\u00e9 politique et \u00e9conomique dont jouit le Royaume et les r\u00e9formes qui ont \u00e9t\u00e9 entreprises pour am\u00e9liorer le climat des affaires.<\/p>\n<p>Par MAP Info<\/p>\n","protected":false},"excerpt":{"rendered":"<p>Le Maroc repr\u00e9sente un hub vers l&#8217;Afrique pour les entreprises espagnoles, a affirm\u00e9, mardi \u00e0 Rabat, la Secr\u00e9taire d\u2019Etat espagnole au Commerce, Mar\u00eda Luisa Poncela Garc\u00eda, pour qui l\u2019Espagne et le Maroc ne sont pas uniquement deux march\u00e9s, mais deux partenaires strat\u00e9giques. L\u2019excellence des relations entre l&#8217;Espagne et le Maroc, notamment sur le plan \u00e9conomique, [&hellip;]<\/p>\n","protected":false},"author":1,"featured_media":10111,"comment_status":"open","ping_status":"open","sticky":false,"template":"","format":"standard","meta":[],"categories":[57],"tags":[],"_links":{"self":[{"href":"https:\/\/www.marocnow.ma\/index.php\/wp-json\/wp\/v2\/posts\/9971"}],"collection":[{"href":"https:\/\/www.marocnow.ma\/index.php\/wp-json\/wp\/v2\/posts"}],"about":[{"href":"https:\/\/www.marocnow.ma\/index.php\/wp-json\/wp\/v2\/types\/post"}],"author":[{"embeddable":true,"href":"https:\/\/www.marocnow.ma\/index.php\/wp-json\/wp\/v2\/users\/1"}],"replies":[{"embeddable":true,"href":"https:\/\/www.marocnow.ma\/index.php\/wp-json\/wp\/v2\/comments?post=9971"}],"version-history":[{"count":1,"href":"https:\/\/www.marocnow.ma\/index.php\/wp-json\/wp\/v2\/posts\/9971\/revisions"}],"predecessor-version":[{"id":9972,"href":"https:\/\/www.marocnow.ma\/index.php\/wp-json\/wp\/v2\/posts\/9971\/revisions\/9972"}],"wp:featuredmedia":[{"embeddable":true,"href":"https:\/\/www.marocnow.ma\/index.php\/wp-json\/wp\/v2\/media\/10111"}],"wp:attachment":[{"href":"https:\/\/www.marocnow.ma\/index.php\/wp-json\/wp\/v2\/media?parent=9971"}],"wp:term":[{"taxonomy":"category","embeddable":true,"href":"https:\/\/www.marocnow.ma\/index.php\/wp-json\/wp\/v2\/categories?post=9971"},{"taxonomy":"post_tag","embeddable":true,"href":"https:\/\/www.marocnow.ma\/index.php\/wp-json\/wp\/v2\/tags?post=9971"}],"curies":[{"name":"wp","href":"https:\/\/api.w.org\/{rel}","templated":true}]}}