{"id":10247,"date":"2018-02-20T14:11:52","date_gmt":"2018-02-20T13:11:52","guid":{"rendered":"http:\/\/www.marocnow.ma\/?p=10247"},"modified":"2018-02-23T01:54:43","modified_gmt":"2018-02-23T00:54:43","slug":"vueling-lance-un-vol-bilbao-marrakech-pour-les-vacances-de-fin-dannee","status":"publish","type":"post","link":"https:\/\/www.marocnow.ma\/index.php\/2018\/02\/20\/vueling-lance-un-vol-bilbao-marrakech-pour-les-vacances-de-fin-dannee\/","title":{"rendered":"Vueling lance un vol Bilbao-Marrakech pour les vacances de fin d\u2019ann\u00e9e"},"content":{"rendered":"<p style=\"font-weight: 400;\">La compagnie a\u00e9rienne espagnole low-cost Vueling vient de lancer une ligne a\u00e9rienne sp\u00e9ciale, \u00e0 l\u2019occasion des vacances de fin d\u2019ann\u00e9e, entre Bilbao (Nord de l\u2019Espagne) et Marrakech.\u00a0\u00a0Cette nouvelle liaison a\u00e9rienne est op\u00e9rationnelle depuis le 18 d\u00e9cembre et\u00a0\u00a0jusqu\u2019au 11 janvier 2016.\u00a0\u00a0Vueling, qui assure 40 % des vols au d\u00e9part de l\u2019a\u00e9roport de Loiu \u00e0 Bilbao,\u00a0\u00a0lancera \u00e9galement d\u2019autres dessertes vers les villes d\u2019Ibiza, Berlin, Milan et\u00a0\u00a0Venise, avec un total de 45.000 places.<\/p>\n<p style=\"font-weight: 400;\">La compagnie a\u00e9rienne \u00e0 bas co\u00fbt, dont la base se trouve \u00e0 l\u2019a\u00e9roport\u00a0\u00a0d\u2019El-Prat \u00e0 Barcelone, relie depuis 2009 la ville catalane avec plusieurs\u00a0\u00a0villes marocaines, notamment Marrakech, Casablanca, Nador, F\u00e8s et Tanger.<\/p>\n","protected":false},"excerpt":{"rendered":"<p>La compagnie a\u00e9rienne espagnole low-cost Vueling vient de lancer une ligne a\u00e9rienne sp\u00e9ciale, \u00e0 l\u2019occasion des vacances de fin d\u2019ann\u00e9e, entre Bilbao (Nord de l\u2019Espagne) et Marrakech.\u00a0\u00a0Cette nouvelle liaison a\u00e9rienne est op\u00e9rationnelle depuis le 18 d\u00e9cembre et\u00a0\u00a0jusqu\u2019au 11 janvier 2016.\u00a0\u00a0Vueling, qui assure 40 % des vols au d\u00e9part de l\u2019a\u00e9roport de Loiu \u00e0 Bilbao,\u00a0\u00a0lancera \u00e9galement [&hellip;]<\/p>\n","protected":false},"author":1,"featured_media":10248,"comment_status":"open","ping_status":"open","sticky":false,"template":"","format":"standard","meta":[],"categories":[57],"tags":[],"_links":{"self":[{"href":"https:\/\/www.marocnow.ma\/index.php\/wp-json\/wp\/v2\/posts\/10247"}],"collection":[{"href":"https:\/\/www.marocnow.ma\/index.php\/wp-json\/wp\/v2\/posts"}],"about":[{"href":"https:\/\/www.marocnow.ma\/index.php\/wp-json\/wp\/v2\/types\/post"}],"author":[{"embeddable":true,"href":"https:\/\/www.marocnow.ma\/index.php\/wp-json\/wp\/v2\/users\/1"}],"replies":[{"embeddable":true,"href":"https:\/\/www.marocnow.ma\/index.php\/wp-json\/wp\/v2\/comments?post=10247"}],"version-history":[{"count":2,"href":"https:\/\/www.marocnow.ma\/index.php\/wp-json\/wp\/v2\/posts\/10247\/revisions"}],"predecessor-version":[{"id":10287,"href":"https:\/\/www.marocnow.ma\/index.php\/wp-json\/wp\/v2\/posts\/10247\/revisions\/10287"}],"wp:featuredmedia":[{"embeddable":true,"href":"https:\/\/www.marocnow.ma\/index.php\/wp-json\/wp\/v2\/media\/10248"}],"wp:attachment":[{"href":"https:\/\/www.marocnow.ma\/index.php\/wp-json\/wp\/v2\/media?parent=10247"}],"wp:term":[{"taxonomy":"category","embeddable":true,"href":"https:\/\/www.marocnow.ma\/index.php\/wp-json\/wp\/v2\/categories?post=10247"},{"taxonomy":"post_tag","embeddable":true,"href":"https:\/\/www.marocnow.ma\/index.php\/wp-json\/wp\/v2\/tags?post=10247"}],"curies":[{"name":"wp","href":"https:\/\/api.w.org\/{rel}","templated":true}]}}