{"id":10240,"date":"2018-02-20T14:09:42","date_gmt":"2018-02-20T13:09:42","guid":{"rendered":"http:\/\/www.marocnow.ma\/?p=10240"},"modified":"2018-02-23T01:54:58","modified_gmt":"2018-02-23T00:54:58","slug":"entre-la-sarl-et-la-sa-que-choisir","status":"publish","type":"post","link":"https:\/\/www.marocnow.ma\/index.php\/2018\/02\/20\/entre-la-sarl-et-la-sa-que-choisir\/","title":{"rendered":"Entre la SARL et la SA, que choisir ?"},"content":{"rendered":"<p style=\"font-weight: 400;\"><strong>RENCONTRE \u00c0 LA CFCIM: LA FORME JURIDIQUE LA MIEUX ADAPT\u00c9E \u00c0 TOUT PROJET D\u2019INVESTISSEMENT<\/strong><\/p>\n<p style=\"font-weight: 400;\">Le manque d\u2019informations au moment\u00a0 de la cr\u00e9ation de l\u2019entreprise\u00a0 sur les dispositions juridiques et\u00a0 r\u00e9glementaires correspondantes\u00a0 m\u00e8nent souvent les investisseurs \u00e0 choisir\u00a0 une formule inad\u00e9quate. C\u2019est pour\u00a0 cette raison qu\u2019il faut bien se renseigner\u00a0 avant de choisir la forme sociale la mieux\u00a0 adapt\u00e9e \u00e0 tout projet d\u2019entreprise.<\/p>\n<p style=\"font-weight: 400;\">Apr\u00e8s avoir rappel\u00e9 les principales\u00a0 formes de soci\u00e9t\u00e9s en droit marocain,\u00a0 et plus particuli\u00e8rement la Soci\u00e9t\u00e9 anonyme\u00a0 (SA) et la Soci\u00e9t\u00e9 \u00e0 Responsabilit\u00e9\u00a0 limit\u00e9e (<strong>SARL<\/strong>), les deux experts qui\u00a0 ont anim\u00e9, le 15 avril 2016, la rencontre\u00a0 de la Chambre Fran\u00e7aise de Commerce\u00a0 et d\u2019Industrie du Maroc (<strong>CFCIM<\/strong>) autour\u00a0 du th\u00e8me \u00abSA,SARL, SAS, SNC\u2026: Comment\u00a0 choisir la forme sociale la mieux\u00a0 adapt\u00e9e \u00e0 son projet?\u00bb ont examin\u00e9 les\u00a0 facteurs de choix sans oublier d\u2019aborder\u00a0 les am\u00e9nagements possibles pour une\u00a0 modification de la forme choisie initialement.\u00a0 Les deux intervenants sont bien au fait\u00a0 du sujet puisque Sylvain Alassaire est\u00a0 conseil juridique en droit des affaires,\u00a0 g\u00e9rant-associ\u00e9 du cabinet Alassaire juriconseil,\u00a0 et Mohamed Aarab est expert\u00a0 comptable, commissaire aux comptes et\u00a0 aux apports, expert asserment\u00e9 pr\u00e8s la\u00a0 cour de cassation.<\/p>\n<p style=\"font-weight: 400;\"><strong>Possibilit\u00e9s de sortie<\/strong><br \/>\nMalgr\u00e9 l\u2019engouement des petits entrepreneurs\u00a0 pour la Soci\u00e9t\u00e9 \u00e0 Responsabilit\u00e9\u00a0 limit\u00e9e (SARL), forme sociale qui totalise\u00a0 plus de 97% des entreprises cr\u00e9\u00e9es\u00a0 au Maroc entre 2010 et 2014, cette formule\u00a0 sociale reste inadapt\u00e9e \u00e0 certaines\u00a0 situations, notamment quand il s\u2019agit de\u00a0 partage de pouvoir entre associ\u00e9s ou\u00a0 quand les associ\u00e9s se partagent \u00e0 \u00e9galit\u00e9\u00a0 les parts sociales, nous dit Mohamed\u00a0 Aarab. Se retrouvant plus facilement en\u00a0 situation de blocage, les SARL donnent\u00a0 lieu \u00e0 leur liquidation judiciaire.<\/p>\n<p style=\"font-weight: 400;\">Est-ce \u00e0 dire qu\u2019il n\u2019y a pas de possibilit\u00e9\u00a0 de changer, au cours de l\u2019existence\u00a0 d\u2019une soci\u00e9t\u00e9, de forme juridique? En r\u00e9ponse\u00a0 \u00e0 cette question, les deux experts\u00a0 consid\u00e8rent qu\u2019il est tout \u00e0 fait possible\u00a0 d\u2019en changer \u00e0 condition de respecter\u00a0 certaines conditions. Aussi bien le pacte\u00a0 d\u2019associ\u00e9s -pour la SARL- que le pacte\u00a0 d\u2019actionnariat -pour la SA- offrent des\u00a0 possibilit\u00e9s de sortie en cas de conflit\u00a0 entre associ\u00e9s. Sans oublier, dit Sylvain\u00a0 Alassaire, qu\u2019il existe, aussi, toute une\u00a0 panoplie de moyens pour aboutir au r\u00e8glement\u00a0 \u00e0 l\u2019amiable de ces conflits.<\/p>\n<p style=\"font-weight: 400;\">C\u2019est pour \u00e9viter de telles situations de\u00a0 blocage que les deux experts recommandent\u00a0 d\u2019\u00eatre vigilant sur le choix de\u00a0 la forme sociale d\u2019une soci\u00e9t\u00e9. Tout d\u00e9pend,\u00a0 souligne le sp\u00e9cialiste de la question,\u00a0 Sylvain Alassaire, de \u00abla vision de\u00a0 ses fondateurs \u00e0 moyen ou long termes,\u00a0 de leur volont\u00e9 de faire appel \u00e0 des\u00a0 fonds ou pas, l\u2019arriv\u00e9e de nouveaux actionnaires,\u00a0 le r\u00e9gime fiscal\u2026\u00bb<\/p>\n","protected":false},"excerpt":{"rendered":"<p>RENCONTRE \u00c0 LA CFCIM: LA FORME JURIDIQUE LA MIEUX ADAPT\u00c9E \u00c0 TOUT PROJET D\u2019INVESTISSEMENT Le manque d\u2019informations au moment\u00a0 de la cr\u00e9ation de l\u2019entreprise\u00a0 sur les dispositions juridiques et\u00a0 r\u00e9glementaires correspondantes\u00a0 m\u00e8nent souvent les investisseurs \u00e0 choisir\u00a0 une formule inad\u00e9quate. C\u2019est pour\u00a0 cette raison qu\u2019il faut bien se renseigner\u00a0 avant de choisir la forme sociale [&hellip;]<\/p>\n","protected":false},"author":1,"featured_media":10241,"comment_status":"open","ping_status":"open","sticky":false,"template":"","format":"standard","meta":[],"categories":[57],"tags":[],"_links":{"self":[{"href":"https:\/\/www.marocnow.ma\/index.php\/wp-json\/wp\/v2\/posts\/10240"}],"collection":[{"href":"https:\/\/www.marocnow.ma\/index.php\/wp-json\/wp\/v2\/posts"}],"about":[{"href":"https:\/\/www.marocnow.ma\/index.php\/wp-json\/wp\/v2\/types\/post"}],"author":[{"embeddable":true,"href":"https:\/\/www.marocnow.ma\/index.php\/wp-json\/wp\/v2\/users\/1"}],"replies":[{"embeddable":true,"href":"https:\/\/www.marocnow.ma\/index.php\/wp-json\/wp\/v2\/comments?post=10240"}],"version-history":[{"count":1,"href":"https:\/\/www.marocnow.ma\/index.php\/wp-json\/wp\/v2\/posts\/10240\/revisions"}],"predecessor-version":[{"id":10244,"href":"https:\/\/www.marocnow.ma\/index.php\/wp-json\/wp\/v2\/posts\/10240\/revisions\/10244"}],"wp:featuredmedia":[{"embeddable":true,"href":"https:\/\/www.marocnow.ma\/index.php\/wp-json\/wp\/v2\/media\/10241"}],"wp:attachment":[{"href":"https:\/\/www.marocnow.ma\/index.php\/wp-json\/wp\/v2\/media?parent=10240"}],"wp:term":[{"taxonomy":"category","embeddable":true,"href":"https:\/\/www.marocnow.ma\/index.php\/wp-json\/wp\/v2\/categories?post=10240"},{"taxonomy":"post_tag","embeddable":true,"href":"https:\/\/www.marocnow.ma\/index.php\/wp-json\/wp\/v2\/tags?post=10240"}],"curies":[{"name":"wp","href":"https:\/\/api.w.org\/{rel}","templated":true}]}}