{"id":10233,"date":"2018-02-20T14:06:54","date_gmt":"2018-02-20T13:06:54","guid":{"rendered":"http:\/\/www.marocnow.ma\/?p=10233"},"modified":"2018-02-23T01:55:04","modified_gmt":"2018-02-23T00:55:04","slug":"lagarde-la-flexibilite-du-dirham-une-tres-bonne-decision-du-maroc","status":"publish","type":"post","link":"https:\/\/www.marocnow.ma\/index.php\/2018\/02\/20\/lagarde-la-flexibilite-du-dirham-une-tres-bonne-decision-du-maroc\/","title":{"rendered":"Lagarde: La flexibilit\u00e9 du dirham, une tr\u00e8s bonne d\u00e9cision du Maroc"},"content":{"rendered":"<p style=\"font-weight: 400;\">La transition vers un syst\u00e8me de change flexible du dirham est une \u00ab\u00a0tr\u00e8s bonne d\u00e9cision\u00a0\u00bb du gouvernement marocain, a indiqu\u00e9 mardi, \u00e0 Marrakech, la directrice g\u00e9n\u00e9rale du Fonds mon\u00e9taire international (FMI), Mme Christine Lagarde.<\/p>\n<p style=\"font-weight: 400;\">Intervenant \u00e0 la Conf\u00e9rence r\u00e9gionale de croissance globale, qui se tient sous le signe \u00ab\u00a0opportunit\u00e9s pour tous: croissance, emploi et inclusion dans le monde arabe\u00a0\u00bb, Mme Lagarde a relev\u00e9 que \u00ab\u00a0les march\u00e9s internationaux et les investisseurs \u00e9trangers appr\u00e9cieront cette d\u00e9cision des autorit\u00e9s publiques marocaines\u00a0\u00bb.<\/p>\n<p style=\"font-weight: 400;\">Mme Lagarde qui a mis en relief les r\u00e9formes entreprises par le Maroc, a not\u00e9 que la cr\u00e9ation de zones franches au Maroc, \u00e0 Tanger et \u00e0 Casablanca, a permis de cr\u00e9er plus de 85.000 emplois \u00e0 partir de fournisseurs locaux.<\/p>\n<p style=\"font-weight: 400;\">Elle a en outre, soulign\u00e9 que la r\u00e9gion Moyen-Orient et Afrique du Nord (MENA) se trouve confront\u00e9e aux d\u00e9fis du ch\u00f4mage notamment des jeunes dipl\u00f4m\u00e9s, faisant savoir dans ce sens que pr\u00e8s de 25 millions de jeunes vont arriver au march\u00e9 de l\u2019emploi dans cette r\u00e9gion du monde, d\u2019o\u00f9 la n\u00e9cessit\u00e9 de r\u00e9aliser une croissance durable et inclusive.<\/p>\n<p style=\"font-weight: 400;\">Le principal d\u00e9fi de la r\u00e9gion consiste \u00e0 r\u00e9pondre aux aspirations des jeunes et faire na\u00eetre en eux une foi en l\u2019avenir et donner des opportunit\u00e9s aux gens, a-t-elle insist\u00e9, appelant \u00e0 am\u00e9liorer le climat des affaires et promouvoir le secteur priv\u00e9 dans la r\u00e9gion.<\/p>\n<p style=\"font-weight: 400;\">Mme Lagarde a d\u00e9fini 3 priorit\u00e9s pour cette conf\u00e9rence de haut niveau. Il s\u2019agit de cr\u00e9er dans cette r\u00e9gion un secteur priv\u00e9 fort et cr\u00e9ateur de richesses et d\u2019emplois car la situation financi\u00e8re publique des pays de la r\u00e9gion ne peut cr\u00e9er d\u2019emploi, d\u2019o\u00f9 la n\u00e9cessit\u00e9 pour le secteur priv\u00e9 d\u2019intervenir.<\/p>\n<p style=\"font-weight: 400;\">Mme Lagarde a appel\u00e9 \u00e0 soutenir les groupes exclus: les jeunes, les femmes et les r\u00e9fugi\u00e9s en particulier et \u00e0 adopter un partenariat-public-priv\u00e9 comme une approche n\u00e9cessaire pour r\u00e9aliser le d\u00e9veloppement escompt\u00e9, soulignant que les politiques de taxation devront \u00eatre faites de mani\u00e8re \u00e0 favoriser le d\u00e9veloppement dans cette r\u00e9gion.<\/p>\n<p style=\"font-weight: 400;\">Le directeur g\u00e9n\u00e9rale et pr\u00e9sident du conseil du Fonds mon\u00e9taire arabe (FMA), Abdulrahman A. Al-Hamidy, a soulign\u00e9 pour sa part, que la tenue de cette conf\u00e9rence au Maroc traduit l\u2019int\u00e9r\u00eat accord\u00e9 aux diff\u00e9rentes questions du d\u00e9veloppement global, dont le renforcement du march\u00e9 de l\u2019emploi, l\u2019autonomisation des femmes, la soutien de l\u2019innovation, la promotion de l\u2019entrepreneuriat, l\u2019am\u00e9lioration du climat d\u2019affaires, ce qui contribue \u00e0 cr\u00e9er davantage de postes d\u2019emploi et r\u00e9aliser le d\u00e9veloppement durable.<\/p>\n<p style=\"font-weight: 400;\">Il a not\u00e9 que le ch\u00f4mage, dont le taux moyen a atteint dans cette r\u00e9gion 29,1 % et 43,8 % dans la cat\u00e9gorie des jeunes, repr\u00e9sente actuellement le grand d\u00e9fi pour les d\u00e9cideurs des pays arabes, ajoutant que la r\u00e9gion a besoin de cr\u00e9er des dizaines de millions de postes d\u2019emploi durant les dix prochaines ann\u00e9es pour pr\u00e9server le niveau actuel d\u2019emploi.<\/p>\n<ol>\n<li style=\"font-weight: 400;\">Al-Hamidy a d\u00e9fini trois axes pour faire face aux d\u00e9fis de l\u2019emploi et la r\u00e9alisation du d\u00e9veloppement global.<\/li>\n<\/ol>\n<p style=\"font-weight: 400;\">Le premier consiste en la poursuite des efforts de diversification \u00e9conomique alors que le deuxi\u00e8me appelle \u00e0 la cr\u00e9ation d\u2019un climat propice \u00e0 l\u2019innovation pour les jeunes et les entrepreneurs et les petits et moyens projets. Le troisi\u00e8me axe consiste \u00e0 renforcer l\u2019acc\u00e8s aux financements et aux services financiers appropri\u00e9s, a-t-il pr\u00e9cis\u00e9.<\/p>\n<p style=\"font-weight: 400;\">Organis\u00e9e \u00e0 l\u2019initiative du FMI, du FMA, du Fonds arabe pour le d\u00e9veloppement \u00e9conomique et social (FADES) et du Royaume du Maroc, la conf\u00e9rence r\u00e9gionale de croissance globale de haut niveau, cherche \u00e0 r\u00e9pondre aux d\u00e9fis qui entravent les politiques de croissance globale, \u00e0 \u00e9tudier les mesures \u00e0 m\u00eame d\u2019\u00e9tendre la port\u00e9e des r\u00e9formes afin de cr\u00e9er davantage d\u2019opportunit\u00e9s pour les jeunes et les femmes et \u00e0 examiner la contribution du FMI, du FMA et du FADES \u00e0 la mise en \u0153uvre des r\u00e9formes.<\/p>\n<p style=\"font-weight: 400;\">Les participants discutent \u00e9galement des politiques favorisant une croissance plus durable et plus int\u00e9gr\u00e9e, des opportunit\u00e9s pour tous et des moyens susceptibles de traduire ces mesures en actions pratiques et tangibles.<\/p>\n<p style=\"font-weight: 400;\">Des hauts responsables, des entrepreneurs, des universitaires, des jeunes et des repr\u00e9sentants de la soci\u00e9t\u00e9 civile du monde arabe et d\u2019ailleurs participent \u00e0 cet \u00e9v\u00e9nement pour partager leurs exp\u00e9riences et id\u00e9es sur la cr\u00e9ation d\u2019emplois.<\/p>\n<p style=\"font-weight: 400;\">La tenue de cette conf\u00e9rence au Maroc sera l\u2019occasion de mettre en \u00e9vidence les r\u00e9formes \u00e9conomiques et sociales adopt\u00e9es par le Royaume et de passer en revue le niveau de d\u00e9veloppement des capacit\u00e9s dans la r\u00e9gion MENA ainsi que le r\u00f4le du FMI dans la r\u00e9gion.<\/p>\n<p style=\"font-weight: 400;\">Cet \u00e9v\u00e9nement permet aussi de se pencher sur les moyens d\u2019accro\u00eetre les opportunit\u00e9s offertes aux femmes et aux jeunes et d\u2019encourager l\u2019esprit d\u2019entreprise et l\u2019innovation en adoptant la transparence et la technologie pour promouvoir le potentiel cach\u00e9 de la r\u00e9gion.<\/p>\n","protected":false},"excerpt":{"rendered":"<p>La transition vers un syst\u00e8me de change flexible du dirham est une \u00ab\u00a0tr\u00e8s bonne d\u00e9cision\u00a0\u00bb du gouvernement marocain, a indiqu\u00e9 mardi, \u00e0 Marrakech, la directrice g\u00e9n\u00e9rale du Fonds mon\u00e9taire international (FMI), Mme Christine Lagarde. Intervenant \u00e0 la Conf\u00e9rence r\u00e9gionale de croissance globale, qui se tient sous le signe \u00ab\u00a0opportunit\u00e9s pour tous: croissance, emploi et inclusion [&hellip;]<\/p>\n","protected":false},"author":1,"featured_media":10234,"comment_status":"open","ping_status":"open","sticky":false,"template":"","format":"standard","meta":[],"categories":[57],"tags":[],"_links":{"self":[{"href":"https:\/\/www.marocnow.ma\/index.php\/wp-json\/wp\/v2\/posts\/10233"}],"collection":[{"href":"https:\/\/www.marocnow.ma\/index.php\/wp-json\/wp\/v2\/posts"}],"about":[{"href":"https:\/\/www.marocnow.ma\/index.php\/wp-json\/wp\/v2\/types\/post"}],"author":[{"embeddable":true,"href":"https:\/\/www.marocnow.ma\/index.php\/wp-json\/wp\/v2\/users\/1"}],"replies":[{"embeddable":true,"href":"https:\/\/www.marocnow.ma\/index.php\/wp-json\/wp\/v2\/comments?post=10233"}],"version-history":[{"count":1,"href":"https:\/\/www.marocnow.ma\/index.php\/wp-json\/wp\/v2\/posts\/10233\/revisions"}],"predecessor-version":[{"id":10237,"href":"https:\/\/www.marocnow.ma\/index.php\/wp-json\/wp\/v2\/posts\/10233\/revisions\/10237"}],"wp:featuredmedia":[{"embeddable":true,"href":"https:\/\/www.marocnow.ma\/index.php\/wp-json\/wp\/v2\/media\/10234"}],"wp:attachment":[{"href":"https:\/\/www.marocnow.ma\/index.php\/wp-json\/wp\/v2\/media?parent=10233"}],"wp:term":[{"taxonomy":"category","embeddable":true,"href":"https:\/\/www.marocnow.ma\/index.php\/wp-json\/wp\/v2\/categories?post=10233"},{"taxonomy":"post_tag","embeddable":true,"href":"https:\/\/www.marocnow.ma\/index.php\/wp-json\/wp\/v2\/tags?post=10233"}],"curies":[{"name":"wp","href":"https:\/\/api.w.org\/{rel}","templated":true}]}}